{"id":340,"date":"2015-12-15T23:00:15","date_gmt":"2015-12-15T22:00:15","guid":{"rendered":"http:\/\/www.centrogramsci.it\/wp\/?p=340"},"modified":"2016-05-05T19:38:00","modified_gmt":"2016-05-05T17:38:00","slug":"il-centro-gramsci-di-educazione-ammaina-i-suoi-simboli-davanti-al-feretro-del-partigiano-comunista-armando-cossutta","status":"publish","type":"post","link":"https:\/\/www.centrogramsci.it\/?p=340","title":{"rendered":"IL CENTRO GRAMSCI DI EDUCAZIONE AMMAINA I SUOI SIMBOLI DAVANTI AL FERETRO DEL PARTIGIANO COMUNISTA ARMANDO COSSUTTA"},"content":{"rendered":"<p><a href=\"https:\/\/www.centrogramsci.it\/wp\/wp-content\/uploads\/2015\/11\/banner.gif\"><img loading=\"lazy\" decoding=\"async\" class=\"size-full wp-image-93 aligncenter\" src=\"https:\/\/www.centrogramsci.it\/wp\/wp-content\/uploads\/2015\/11\/banner.gif\" alt=\"banner\" width=\"687\" height=\"79\" \/><\/a><\/p>\n<p style=\"text-align: justify;\"><span style=\"font-family: tahoma, arial, helvetica, sans-serif; font-size: 12pt;\">\u00c8 con profondo dolore che apprendiamo la notizia della morte del compagno Armando Cossutta, avvenuta nella notte del 14 dicembre 2015. Il compagno Cossutta era nato a Milano il 2 settembre 1926 e l\u2019intera sua vita \u00e8 stata dedicata alla lotta per l\u2019emancipazione della classe operaia e per il comunismo. Per gli alti valori di libert\u00e0 e democrazia, Egli partecip\u00f2 alla Resistenza partigiana, contribuendo alla sconfitta dei fascisti e alla cacciata dall\u2019Italia dei nazisti tedeschi. <\/span><br \/>\n<span style=\"font-family: tahoma, arial, helvetica, sans-serif; font-size: 12pt;\">Quando, nell\u2019autunno 1991, fu fondato il Centro Gramsci di Educazione e Cultura (intitolato allora Centro Lenin Gramsci) Fosco Dinucci, che ne era l\u2019ideatore e che per 25 anni era stato Segretario generale del Partito comunista d\u2019Italia (marxista-leninista), propose che Armando Cossutta venisse coinvolto nella nascita della nuova associazione politico-culturale. Questo desiderio di Dinucci era motivato dal fatto che negli ultimi dieci anni d\u2019esistenza del Pci, Armando Cossutta, che in quel periodo veniva continuamente criticato e quasi messo alla gogna dal suo stesso partito, l\u2019unica solidariet\u00e0 che Egli trov\u00f2 fu quella appunto del Pcd\u2019I(m-l), il cui organo di stampa (\u00abNuova Unit\u00e0\u00bb) fu l\u2019unico giornale italiano che pubblic\u00f2 le sue dichiarazioni politiche e che ne comment\u00f2 positivamente le sue posizioni. <\/span><br \/>\n<span style=\"font-family: tahoma, arial, helvetica, sans-serif; font-size: 12pt;\">Nello stesso tempo per\u00f2 andava nascendo, dalle ceneri del Pci, liquidato nel marzo 1991 dai revisionisti moderni kruscioviani-gorbacioviani, prima il Movimento poi il Partito della Rifondazione Comunista, del quale Egli divenne subito il presidente e il punto di riferimento concreto per molti comunisti\/e, rimasti senza una guida. Anche noi del Centro Gramsci di Educazione e Cultura confluimmo nel Prc e, quando questo, nel 1998, divenuto ormai un\u2019organizzazione di orientamento trotskista, si scisse dai comunisti, noi, seguendo le indicazioni di Armando Cossutta, lo seguimmo nella fondazione e organizzazione del Partito dei Comunisti Italiani.<\/span><br \/>\n<span style=\"font-family: tahoma, arial, helvetica, sans-serif; font-size: 12pt;\">Oggi Egli non \u00e8 pi\u00f9 tra di noi, o meglio non \u00e8 pi\u00f9 tra di noi la sua fisicit\u00e0, tuttavia sono pi\u00f9 che mai vivi il suo esempio di vita e la sua esemplare esperienza di lotta come combattente partigiano antifascista e come comunista coerente. <\/span><br \/>\n<span style=\"font-family: tahoma, arial, helvetica, sans-serif; font-size: 12pt;\">Il Centro Gramsci di Educazione e Cultura onora e s\u2019inchina davanti al feretro del comunista Armando Cossutta.<\/span><\/p>\n<p style=\"text-align: justify;\">\n<p style=\"text-align: justify;\"><span style=\"font-family: tahoma, arial, helvetica, sans-serif; font-size: 12pt;\"><strong>Teramo 15 dicembre 2015<\/strong><\/span><\/p>\n<hr \/>\n<p style=\"text-align: justify;\"><a href=\"https:\/\/www.centrogramsci.it\/wp\/wp-content\/uploads\/2016\/05\/pidipagina.jpg\"><img loading=\"lazy\" decoding=\"async\" class=\"size-full wp-image-324 aligncenter\" src=\"https:\/\/www.centrogramsci.it\/wp\/wp-content\/uploads\/2016\/05\/pidipagina.jpg\" alt=\"pidipagina\" width=\"537\" height=\"97\" srcset=\"https:\/\/www.centrogramsci.it\/wp\/wp-content\/uploads\/2016\/05\/pidipagina.jpg 537w, https:\/\/www.centrogramsci.it\/wp\/wp-content\/uploads\/2016\/05\/pidipagina-300x54.jpg 300w\" sizes=\"auto, (max-width: 537px) 100vw, 537px\" \/><\/a><\/p>\n","protected":false},"excerpt":{"rendered":"<p>\u00c8 con profondo dolore che apprendiamo la notizia della morte del compagno Armando Cossutta, avvenuta nella notte del 14 dicembre<\/p>\n","protected":false},"author":1,"featured_media":341,"comment_status":"open","ping_status":"open","sticky":false,"template":"","format":"standard","meta":{"colormag_page_container_layout":"default_layout","colormag_page_sidebar_layout":"default_layout","om_disable_all_campaigns":false,"_monsterinsights_skip_tracking":false,"_monsterinsights_sitenote_active":false,"_monsterinsights_sitenote_note":"","_monsterinsights_sitenote_category":0,"_uf_show_specific_survey":0,"_uf_disable_surveys":false,"footnotes":""},"categories":[6],"tags":[],"class_list":["post-340","post","type-post","status-publish","format-standard","has-post-thumbnail","hentry","category-documenti"],"aioseo_notices":[],"_links":{"self":[{"href":"https:\/\/www.centrogramsci.it\/index.php?rest_route=\/wp\/v2\/posts\/340","targetHints":{"allow":["GET"]}}],"collection":[{"href":"https:\/\/www.centrogramsci.it\/index.php?rest_route=\/wp\/v2\/posts"}],"about":[{"href":"https:\/\/www.centrogramsci.it\/index.php?rest_route=\/wp\/v2\/types\/post"}],"author":[{"embeddable":true,"href":"https:\/\/www.centrogramsci.it\/index.php?rest_route=\/wp\/v2\/users\/1"}],"replies":[{"embeddable":true,"href":"https:\/\/www.centrogramsci.it\/index.php?rest_route=%2Fwp%2Fv2%2Fcomments&post=340"}],"version-history":[{"count":1,"href":"https:\/\/www.centrogramsci.it\/index.php?rest_route=\/wp\/v2\/posts\/340\/revisions"}],"predecessor-version":[{"id":342,"href":"https:\/\/www.centrogramsci.it\/index.php?rest_route=\/wp\/v2\/posts\/340\/revisions\/342"}],"wp:featuredmedia":[{"embeddable":true,"href":"https:\/\/www.centrogramsci.it\/index.php?rest_route=\/wp\/v2\/media\/341"}],"wp:attachment":[{"href":"https:\/\/www.centrogramsci.it\/index.php?rest_route=%2Fwp%2Fv2%2Fmedia&parent=340"}],"wp:term":[{"taxonomy":"category","embeddable":true,"href":"https:\/\/www.centrogramsci.it\/index.php?rest_route=%2Fwp%2Fv2%2Fcategories&post=340"},{"taxonomy":"post_tag","embeddable":true,"href":"https:\/\/www.centrogramsci.it\/index.php?rest_route=%2Fwp%2Fv2%2Ftags&post=340"}],"curies":[{"name":"wp","href":"https:\/\/api.w.org\/{rel}","templated":true}]}}