{"id":96,"date":"2015-10-29T23:35:46","date_gmt":"2015-10-29T22:35:46","guid":{"rendered":"http:\/\/www.centrogramsci.it\/wp\/?p=96"},"modified":"2015-11-21T14:54:31","modified_gmt":"2015-11-21T13:54:31","slug":"96","status":"publish","type":"post","link":"https:\/\/www.centrogramsci.it\/?p=96","title":{"rendered":"L\u2019INTELLETTUALE COLLETTIVO &#8211; Convegno nazionale del Cge"},"content":{"rendered":"<p style=\"text-align: center;\"><a href=\"https:\/\/www.centrogramsci.it\/wp\/wp-content\/uploads\/2015\/11\/banner.gif\"><img loading=\"lazy\" decoding=\"async\" class=\"alignnone size-full wp-image-93\" src=\"https:\/\/www.centrogramsci.it\/wp\/wp-content\/uploads\/2015\/11\/banner.gif\" alt=\"banner\" width=\"687\" height=\"79\" \/><\/a><\/p>\n<p style=\"text-align: justify;\"><span style=\"font-family: tahoma, arial, helvetica, sans-serif; font-size: 12pt; color: #000000;\">Si \u00e8 svolto il 29 settembre 2015, nella Sala del Refettorio della Camera dei Deputati (palazzo San Macuto) il Convegno nazionale del <strong>Centro Gramsci di Educazione<\/strong>, dedicato al tema dell&#8217;\u00a0<em><strong>Intellettuale collettivo<\/strong><\/em>\u00a0nell&#8217;attuale situazione politica, la quale conferma la necessit\u00e0 della costruzione \u00a0di un soggetto politico collettivo di classe all\u2019interno di un processo di costruzione di un ampio fronte democratico sul piano nazionale ed europeo.<\/span><\/p>\n<p style=\"text-align: justify;\"><span style=\"font-family: tahoma, arial, helvetica, sans-serif; font-size: 12pt; color: #000000;\">Il convegno, coordinato da <strong>Ada Donno<\/strong> e <strong>Piero De Sanctis<\/strong> del Consiglio del CGE, \u00e8 stato introdotto dall\u2019on. <strong>Antonio Placido<\/strong>, vicepresidente del Centro Gramsci di educazione, con una ampia e profonda relazione che, muovendo dall\u2019origine e sviluppo storico della concezione gramsciana dell&#8217; <em>intellettuale collettivo<\/em>, ne ha prospettato le possibili articolazioni e declinazioni attuali, anche in relazione ai pi\u00f9 recenti sviluppi politici, che hanno visto manifestarsi un&#8217;importante sintonia tra parti significative delle opposizioni parlamentari e le mobilitazioni sociali.<\/span><\/p>\n<p style=\"text-align: justify;\"><span style=\"font-family: tahoma, arial, helvetica, sans-serif; font-size: 12pt; color: #000000;\">Il tema proposto alla riflessione dal convegno \u00e8 stato poi svolto in ampie e dense relazioni da <strong>Alexander Hobel<\/strong>, coordinatore del Comitato Scientifico di\u00a0Marx XXI e da <strong>Raul Mordenti, \u00a0<\/strong>docente ed esperto di letteratura e politica culturale del movimento operario<em>, <\/em>i quali, a partire dalla lettura testuale della riflessione gramsciana sulla funzione dell\u2019intellettuale \u201corganico\u201d, che aderisce organicamente alla classe operaia e la sostiene nel cammino verso l\u2019assunzione di consapevole funzione egemone nella societ\u00e0, ne hanno illuminato il percorso nella storia del movimento operaio e democratico, fino alla necessit\u00e0, quanto mai attuale, della ricostruzione oggi dell\u2019intellettuale collettivo immaginato da Antonio Gramsci; dal senatore <strong>Vincenzo Vita<\/strong> presidente dell\u2019<a style=\"color: #000000;\" href=\"http:\/\/democratico\/\">Archivio Audiovisivo del Movimento Operaio e Democratico<\/a> che, alla luce della sua grande esperienza teorica e politica nel campo delle comunicazioni, ha confermato l\u2019importanza dei mezzi di comunicazione per l\u2019affermazione quella che Gramsci chiamava la \u201cvolont\u00e0 collettiva\u201d; \u00a0dal senatore <strong>Francesco Campanella, <\/strong>del Comitato nazionale di L\u2019Altra Europa con Tsipras, che ha sottolineato con \u00a0riferimenti concreti all\u2019attualit\u00e0 politica la necessit\u00e0 della costruzione di un ampio fronte democratico.<\/span><\/p>\n<p style=\"text-align: justify;\"><span style=\"font-family: tahoma, arial, helvetica, sans-serif; font-size: 12pt; color: #000000;\">Al convegno hanno portato il loro saluto, ma anche il contributo di analisi e proposta politica sul piano internazionale, l\u2019ambasciatore della Repubblica bolivariana del Venezuela, <strong>Julia\u0301n Isai\u0301as Rodri\u0301guez Di\u0301az \u00a0<\/strong>e il consigliere d\u2019ambasciata della Repubblica Popolare Cinese <strong>Tang Youjing<\/strong>, che hanno manifestato il loro apprezzamento per l\u2019iniziativa del Centro Gramsci di Educazione \u00a0e, con grande calore umano e sapienza politica, hanno sottolineato l\u2019importanza di dare ulteriore impulso all\u2019amicizia e alla conoscenza reciproca fra i popoli \u00a0nel quadro del comune impegno per lo sviluppo e la pace nel mondo.<\/span><\/p>\n<p style=\"text-align: justify;\"><span style=\"font-family: tahoma, arial, helvetica, sans-serif; font-size: 12pt; color: #000000;\">Un saluto \u00e8 pervenuto in un videomessaggio (sottotitolato a cura della compagna <strong>Milena Fiore, <\/strong>segretaria del convegno<strong>) <\/strong>anche dalla deputata brasiliana <strong>Luciana Santos<\/strong>, presidente del Partito Comunista del Brasile, che ha richiamato l\u2019attenzione sull\u2019incessante e allarmante opera di destabilizzazione dell\u2019imperialismo statunitense in paesi come il Brasile e altri dell\u2019America Latina, che unitariamente sono alla ricerca di una\u00a0via indipendente e sovrana allo sviluppo sostenibile e alla pace. Imperialismo del monopolismo finanziario di <em>Wall Steet, di Ior, di Cia Nato Pentagono e di governi quisling <\/em>che in Europa opprime e divide i popoli e la stessa Ue.<\/span><\/p>\n<p style=\"text-align: justify;\"><span style=\"font-family: tahoma, arial, helvetica, sans-serif; font-size: 12pt; color: #000000;\">Sono quindi intervenuti per portare il loro illuminante contributo al confronto sui temi proposti: il<strong> senatore Giovanni Barozzino, <\/strong>operaio della Fiat Sata di Melfi e vicepresidente del Centro Gramsci di educazione, \u00a0che ha espresso con passione la necessit\u00e0 di unire la \u201cvolont\u00e0 collettiva\u201d in difesa della democrazia e dei diritti dei lavoratori.<\/span><\/p>\n<p style=\"text-align: justify;\"><span style=\"font-family: tahoma, arial, helvetica, sans-serif; font-size: 12pt; color: #000000;\">Il sen. <strong>Massimo Villone<\/strong>, costituzionalista, che ha illuminato alcuni aspetti essenziali del momento politico attuale, da profondo conoscitore di diritto costituzionale.<\/span><\/p>\n<p style=\"text-align: justify;\"><span style=\"font-family: tahoma, arial, helvetica, sans-serif; font-size: 12pt; color: #000000;\">Il senatore <strong>Fabrizio Bocchino<\/strong>, componente del Comitato nazionale di L\u2019Altra Europa con Tsipras; il sen. <strong>Luigi Marino<\/strong>, presidente dell\u2019ANPI regionale della Campania; la senatrice <strong>Manuela Palermi<\/strong>, presidente del Comitato centrale del PCdI; il compagno <strong>Aris Della Fontana<\/strong>, direttore della rivista marxista <em>Politica Nuova, <\/em>\u00a0che ha portato il saluto del Partito comunista della Svizzera Italiana, (componente del Partito Svizzero del Lavoro) e ha proposto una lettura ampia e articolata della situazione geo-politica globale; <strong>Francesco Valerio della Croce<\/strong> della direzione del PCd\u2019I; <strong>Andrea Cardillicchio, Maurizio Ceccio, Maurizio Nocera<\/strong> del Consiglio del CGE; la ricercatrice <strong>Katia Picciariello<\/strong> che ha riferito in merito al suo studio sulle lotte della Fiat SATA di Melfi.<\/span><\/p>\n<p style=\"text-align: justify;\"><span style=\"font-family: tahoma, arial, helvetica, sans-serif; font-size: 12pt; color: #000000;\">Il documentario audio-video della giornata (curato da Libera.tv del Lazio) potr\u00e0 essere consultato al link provvisorio: https:\/\/www.youtube.com\/user\/fioremilena\/videos<\/span><\/p>\n<p style=\"text-align: justify;\"><span style=\"font-family: tahoma, arial, helvetica, sans-serif; font-size: 12pt; color: #000000;\">Ringraziamo tutti gli intervenuti e quanti sono risultati assenti per sopravvenuti impedimenti, come lo stesso presidente del CGE compagno <strong>Vittorio Pesce Delfino<\/strong>, o per sopravvenuti impegni, come e l\u2019on. <strong>Mario Lettieri<\/strong>, sottosegretario all\u2019Economia durante il secondo governo Prodi e il prof. <strong>Paolo Raimondi, \u00a0<\/strong>esperto di finanza internazionale e giornalista economico<strong>, <\/strong>che ha dovuto abbandonare il convegno prima del suo atteso intervento.<\/span><\/p>\n<p>&nbsp;<\/p>\n<p><span style=\"font-family: tahoma, arial, helvetica, sans-serif; font-size: 12pt; color: #000000;\"><strong>Teramo 30 settembre 2015 \u00a0 \u00a0 \u00a0 \u00a0 \u00a0 \u00a0 \u00a0 \u00a0 \u00a0 \u00a0 \u00a0 \u00a0 La Presidenza del Centro Gramsci di Educazione<\/strong><\/span><\/p>\n<p>&nbsp;<\/p>\n<hr \/>\n<table>\n<tbody>\n<tr>\n<td style=\"text-align: center;\"><span style=\"font-size: 8pt; font-family: arial, helvetica, sans-serif;\">Consiglio: <strong>Piero De Sanctis Ennio Antonini Maurizio Nocera Lia Amato Bruno Tonolo Salvatore Bochicchio Luigi Marino (SOCI ACNC)<\/strong><\/span><br \/>\n<span style=\"font-size: 8pt; font-family: arial, helvetica, sans-serif;\">A. Baraldi O. Bossi E. Caldera A. Cardillicchio (ORSAA) P. Cassinera F. Castelli M. Ceccio (PORTALE) E. Dovis (ORSAA) V. Falcone M. Fiore (INFO) A. Hobel\u00a0<\/span><span style=\"font-size: 8pt; font-family: arial, helvetica, sans-serif;\">L. La Porta A. Lombardo Geymonat L. Mangani M. Mazzarella S. Prosperi (ORSAA) M. Rinaldi D. Sarra (ORSAA) M. Steri G. Tiberio (ORSAA)<\/span><\/td>\n<\/tr>\n<\/tbody>\n<\/table>\n<p style=\"text-align: center;\"><strong><span style=\"font-size: 8pt; font-family: arial, helvetica, sans-serif;\">Fondatori Fosco Dinucci Raffaele De Grada Mario Geymonat<\/span><\/strong><\/p>\n<p style=\"text-align: center;\"><span style=\"font-size: 6pt; font-family: arial, helvetica, sans-serif;\">Il partito deve continuare a essere l\u2019organo di educazione comunista&#8230;che armonizza e conduce alla meta&#8230;dire la verit\u00e0, arrivare insieme alla verit\u00e0, \u00e8 azione comunista e rivoluzionaria<\/span><br \/>\n<span style=\"font-size: 8pt; font-family: arial, helvetica, sans-serif;\">Il Cge \u00e8 dell&#8217;ASSOCIAZIONE CULTURALE NUOVA CULTURA: ccp 39974571 intestato a \u201dACNC Teramo&#8221; (IBAN IT66 P076 0115 300000039974571)<\/span><br \/>\n<span style=\"font-size: 8pt; font-family: arial, helvetica, sans-serif;\"><strong>Portale:<\/strong> www.centrogramsci.it &#8211; vittoriopescedelfino@centrogramsci.it &#8211; info@centrogramsci.it<\/span><br \/>\n<span style=\"font-size: 8pt; font-family: arial, helvetica, sans-serif;\">orsaa@centrogramsci.it &#8211; laviadelcomunismo@centrogramsci.it &#8211; 64100 Teramo V. Memmingen 35a +39 0861 210012 &#8211; CF e P. Iva 92028200670<\/span><\/p>\n","protected":false},"excerpt":{"rendered":"<p>Si \u00e8 svolto il 29 settembre 2015, nella Sala del Refettorio della Camera dei Deputati (palazzo San Macuto) il Convegno<\/p>\n","protected":false},"author":1,"featured_media":122,"comment_status":"open","ping_status":"open","sticky":false,"template":"","format":"standard","meta":{"colormag_page_container_layout":"default_layout","colormag_page_sidebar_layout":"default_layout","om_disable_all_campaigns":false,"_monsterinsights_skip_tracking":false,"_monsterinsights_sitenote_active":false,"_monsterinsights_sitenote_note":"","_monsterinsights_sitenote_category":0,"_uf_show_specific_survey":0,"_uf_disable_surveys":false,"footnotes":""},"categories":[6],"tags":[],"class_list":["post-96","post","type-post","status-publish","format-standard","has-post-thumbnail","hentry","category-documenti"],"aioseo_notices":[],"_links":{"self":[{"href":"https:\/\/www.centrogramsci.it\/index.php?rest_route=\/wp\/v2\/posts\/96","targetHints":{"allow":["GET"]}}],"collection":[{"href":"https:\/\/www.centrogramsci.it\/index.php?rest_route=\/wp\/v2\/posts"}],"about":[{"href":"https:\/\/www.centrogramsci.it\/index.php?rest_route=\/wp\/v2\/types\/post"}],"author":[{"embeddable":true,"href":"https:\/\/www.centrogramsci.it\/index.php?rest_route=\/wp\/v2\/users\/1"}],"replies":[{"embeddable":true,"href":"https:\/\/www.centrogramsci.it\/index.php?rest_route=%2Fwp%2Fv2%2Fcomments&post=96"}],"version-history":[{"count":5,"href":"https:\/\/www.centrogramsci.it\/index.php?rest_route=\/wp\/v2\/posts\/96\/revisions"}],"predecessor-version":[{"id":106,"href":"https:\/\/www.centrogramsci.it\/index.php?rest_route=\/wp\/v2\/posts\/96\/revisions\/106"}],"wp:featuredmedia":[{"embeddable":true,"href":"https:\/\/www.centrogramsci.it\/index.php?rest_route=\/wp\/v2\/media\/122"}],"wp:attachment":[{"href":"https:\/\/www.centrogramsci.it\/index.php?rest_route=%2Fwp%2Fv2%2Fmedia&parent=96"}],"wp:term":[{"taxonomy":"category","embeddable":true,"href":"https:\/\/www.centrogramsci.it\/index.php?rest_route=%2Fwp%2Fv2%2Fcategories&post=96"},{"taxonomy":"post_tag","embeddable":true,"href":"https:\/\/www.centrogramsci.it\/index.php?rest_route=%2Fwp%2Fv2%2Ftags&post=96"}],"curies":[{"name":"wp","href":"https:\/\/api.w.org\/{rel}","templated":true}]}}